{"id":2113,"date":"2011-04-25T10:25:33","date_gmt":"2011-04-25T08:25:33","guid":{"rendered":"http:\/\/lamassecritique.free.fr\/wp\/?p=2113"},"modified":"2011-04-25T10:25:33","modified_gmt":"2011-04-25T08:25:33","slug":"le-printemps-du-velo","status":"publish","type":"post","link":"https:\/\/lamassecritique.fr\/wp\/2011\/04\/le-printemps-du-velo\/","title":{"rendered":"Le printemps du v\u00e9lo ."},"content":{"rendered":"<p>.<a href=\"http:\/\/lamassecritique.free.fr\/wp\/wp-content\/uploads\/2011\/04\/l-herault-au-printemps-balade-velos-genets-format-libre-image-de-contenu.jpg\"><img loading=\"lazy\" decoding=\"async\" class=\"alignleft size-full wp-image-2119\" style=\"border: 10px solid yellow; margin: 10px;\" title=\"genets velo\" src=\"http:\/\/lamassecritique.free.fr\/wp\/wp-content\/uploads\/2011\/04\/l-herault-au-printemps-balade-velos-genets-format-libre-image-de-contenu.jpg\" alt=\"\" width=\"425\" height=\"280\" \/><\/a><\/p>\n<p>Voila au moins deux bonnes nouvelles pour les cyclistes\u00a0 de l&rsquo;agglom\u00e9ration Toulonnaise.<\/p>\n<p>La premi\u00e8re, le conseil g\u00e9n\u00e9ral\u00a0 a attaqu\u00e9 la r\u00e9alisation de la voie\u00a0 cyclable en double sens\u00a0 entre le pont des Gaux et la Pyro voir sur le site de\u00a0 var matin\u00a0<a href=\"http:\/\/www.varmatin.com\/article\/toulon\/toulon-une-piste-cyclable-a-la-pyro?page=0\"> ICI<\/a> les d\u00e9tails de ce chantier. Cela nous rapproche un peu plus de la Seyne sur Mer. La deuxi\u00e8me tranche est dans les cartons . C&rsquo;est une affaire qui roule . Il faudrait m\u00eame boucher les rails\u00a0 sur le rond-point de la pyro car sur les deux voies pr\u00e9sentes une\u00a0 est inutile\u00a0 donc a supprimer et l&rsquo;autre ne sert que quelques fois par an pour laisser passer les transports de l&rsquo;arsenal.\u00a0 Il suffirait donc\u00a0 d&rsquo; &lsquo;ins\u00e9rer des\u00a0 caches anti-gamelles amovibles pour assurer la s\u00e9curit\u00e9 des cyclistes.<\/p>\n<p>La deuxi\u00e8me c&rsquo;est l&rsquo;ouverture de l&rsquo;atelier<a href=\"http:\/\/toulonavelo.free.fr\/?p=620\"> Parmacycles <\/a>.\u00a0 Ce projet port\u00e9 par Boris le pr\u00e9sident de<a href=\"http:\/\/toulonavelo.free.fr\/\"> l&rsquo;association Toulon \u00e0 v\u00e9lo<\/a> a obtenu le soutien de partenaires publics , la mairie de Toulon , le conseil G\u00e9n\u00e9ral du Var ,\u00a0 d&rsquo;un partenaire priv\u00e9,\u00a0 l&rsquo;entreprise DCNS. Cet atelier apportera un s\u00e9rieux coup de mains au cyclistes Toulonnais , les professionnels du v\u00e9lo avaient de toute fa\u00e7on peu a peu d\u00e9sert\u00e9\u00a0 le centre ancien ou s&rsquo;\u00e9taient reconverti dans les engins \u00e0 moteurs.<\/p>\n<p>La m\u00e9canique du v\u00e9lo n&rsquo;\u00e9tant pas tr\u00e8s compliqu\u00e9 ce qui manque \u00e0 l&rsquo;amateur c&rsquo;est souvent un lieu (pas toujours facile dans le salon) , parfois un peu d&rsquo;outillage sp\u00e9cifique, et le savoir faire. Un bel avenir est donc promis \u00e0 Pharmacycle\u00a0 qui sera aussi un lieu d&rsquo;\u00e9change\u00a0 et\u00a0 d&rsquo;apprentissage. Il servira nous n&rsquo;en doutons pas lui aussi de catalyseur pour l&rsquo;essor du v\u00e9lo \u00e0 Toulon , Bravo.<\/p>\n","protected":false},"excerpt":{"rendered":"<p>. Voila au moins deux bonnes nouvelles pour les cyclistes\u00a0 de l&rsquo;agglom\u00e9ration Toulonnaise. La premi\u00e8re, le conseil g\u00e9n\u00e9ral\u00a0 a attaqu\u00e9 la r\u00e9alisation de la voie\u00a0 cyclable en double sens\u00a0 entre le pont des Gaux et la Pyro voir sur le site de\u00a0 var matin\u00a0 ICI les d\u00e9tails de ce chantier. Cela nous rapproche un peu&hellip;<a href=\"https:\/\/lamassecritique.fr\/wp\/2011\/04\/le-printemps-du-velo\/\" class=\"more-link\">Continue reading <span class=\"screen-reader-text\">Le printemps du v\u00e9lo .<\/span><\/a><\/p>\n","protected":false},"author":2,"featured_media":0,"comment_status":"open","ping_status":"open","sticky":false,"template":"","format":"standard","meta":{"_EventAllDay":false,"_EventTimezone":"","_EventStartDate":"","_EventEndDate":"","_EventStartDateUTC":"","_EventEndDateUTC":"","_EventShowMap":false,"_EventShowMapLink":false,"_EventURL":"","_EventCost":"","_EventCostDescription":"","_EventCurrencySymbol":"","_EventCurrencyCode":"","_EventCurrencyPosition":"","_EventDateTimeSeparator":"","_EventTimeRangeSeparator":"","_EventOrganizerID":[],"_EventVenueID":[],"_OrganizerEmail":"","_OrganizerPhone":"","_OrganizerWebsite":"","_VenueAddress":"","_VenueCity":"","_VenueCountry":"","_VenueProvince":"","_VenueState":"","_VenueZip":"","_VenuePhone":"","_VenueURL":"","_VenueStateProvince":"","_VenueLat":"","_VenueLng":"","_VenueShowMap":false,"_VenueShowMapLink":false,"activitypub_content_warning":"","activitypub_content_visibility":"","activitypub_max_image_attachments":3,"activitypub_interaction_policy_quote":"anyone","activitypub_status":"","footnotes":""},"categories":[5],"tags":[],"class_list":["post-2113","post","type-post","status-publish","format-standard","hentry","category-non-classe"],"_links":{"self":[{"href":"https:\/\/lamassecritique.fr\/wp\/wp-json\/wp\/v2\/posts\/2113","targetHints":{"allow":["GET"]}}],"collection":[{"href":"https:\/\/lamassecritique.fr\/wp\/wp-json\/wp\/v2\/posts"}],"about":[{"href":"https:\/\/lamassecritique.fr\/wp\/wp-json\/wp\/v2\/types\/post"}],"author":[{"embeddable":true,"href":"https:\/\/lamassecritique.fr\/wp\/wp-json\/wp\/v2\/users\/2"}],"replies":[{"embeddable":true,"href":"https:\/\/lamassecritique.fr\/wp\/wp-json\/wp\/v2\/comments?post=2113"}],"version-history":[{"count":0,"href":"https:\/\/lamassecritique.fr\/wp\/wp-json\/wp\/v2\/posts\/2113\/revisions"}],"wp:attachment":[{"href":"https:\/\/lamassecritique.fr\/wp\/wp-json\/wp\/v2\/media?parent=2113"}],"wp:term":[{"taxonomy":"category","embeddable":true,"href":"https:\/\/lamassecritique.fr\/wp\/wp-json\/wp\/v2\/categories?post=2113"},{"taxonomy":"post_tag","embeddable":true,"href":"https:\/\/lamassecritique.fr\/wp\/wp-json\/wp\/v2\/tags?post=2113"}],"curies":[{"name":"wp","href":"https:\/\/api.w.org\/{rel}","templated":true}]}}