{"id":5556,"date":"2013-05-06T10:24:20","date_gmt":"2013-05-06T08:24:20","guid":{"rendered":"http:\/\/lamassecritique.fr\/wp\/?p=5556"},"modified":"2014-05-23T09:26:47","modified_gmt":"2014-05-23T07:26:47","slug":"fete-du-velo-2013","status":"publish","type":"post","link":"https:\/\/lamassecritique.fr\/wp\/2013\/05\/fete-du-velo-2013\/","title":{"rendered":"F\u00eate du v\u00e9lo 2013 : Le programme"},"content":{"rendered":"<p><a href=\"http:\/\/lamassecritique.fr\/wp\/?p=6801\">LES INFOS 2014 c&rsquo;est LA<\/a><a href=\"http:\/\/lamassecritique.fr\/wp\/wp-content\/uploads\/2013\/05\/velorution-hyeres-009.jpg\"><img loading=\"lazy\" decoding=\"async\" class=\"alignleft size-medium wp-image-5547\" alt=\"velorution hyeres 009\" src=\"http:\/\/lamassecritique.fr\/wp\/wp-content\/uploads\/2013\/05\/velorution-hyeres-009-300x225.jpg\" width=\"300\" height=\"225\" srcset=\"https:\/\/lamassecritique.fr\/wp\/wp-content\/uploads\/2013\/05\/velorution-hyeres-009-300x225.jpg 300w, https:\/\/lamassecritique.fr\/wp\/wp-content\/uploads\/2013\/05\/velorution-hyeres-009-1024x768.jpg 1024w, https:\/\/lamassecritique.fr\/wp\/wp-content\/uploads\/2013\/05\/velorution-hyeres-009-260x195.jpg 260w\" sizes=\"auto, (max-width: 300px) 100vw, 300px\" \/><\/a><\/p>\n<p>lLe samedi 01 juin et le dimanche 02 juin aura lieu la f\u00eate du v\u00e9lo dans le Var de nombreuses balades et animations\u00a0 sont pr\u00e9vues et le dress code tous en vert!!<\/p>\n<p>.<\/p>\n<p>.<\/p>\n<p>.<\/p>\n<p><span style=\"color: #ff6600;\"><strong>Samedi 01 juin :<\/strong><\/span><\/p>\n<p>-\u00e0<strong> Hyeres<\/strong> balade v\u00e9lo sur le chemin des \u00e9coliers\u00a0 info : <a href=\"http:\/\/www.leflamantose.fr\/\"><strong>www.leflamantose.fr<\/strong><\/a><\/p>\n<p>-\u00c0 <strong>la Garde\/le Pradet<\/strong> a 15h00 balade v\u00e9lo pour tous d\u00e9part 15h00 place de la r\u00e9publique, Nous partirons en direction du pradet avec une halte aux serres de l&rsquo;association rayon de sourire<strong> <a href=\"http:\/\/rayonsdesourires.com\/\">http:\/\/rayonsdesourires.com\/<\/a><\/strong> ou on fera un petit gout\u00e9, apportez vos g\u00e2teaux!!! la grande partie de la balade se fera sur piste cyclable ou petite route.<\/p>\n<p>Infos : 06.95.56.48.06<\/p>\n<p>Des balades v\u00e9lo \u00e9galement A <strong>la valette<\/strong> le samedi 1er juin place jean Jaur\u00e8s les enfants dispose de deux circuits balis\u00e9s, d ateliers de m\u00e9canique simple, code de la route et s\u00e9curit\u00e9, les v\u00e9los leur sont pr\u00eat\u00e9s par la ville. Les parents eux s&rsquo;\u00e9lancent des 10h pour un tour de la Valette comptant 6km soit 45 minutes en selle!!<\/p>\n<p>infos: <strong>service des sports 04.94.61.90.70<\/strong><\/p>\n<p>et <strong>Toulon<\/strong> \u00e0 partir de 13h animation puis \u00e0 16h d\u00e9part de la balade<\/p>\n<p>\u00eenfos: <a href=\"http:\/\/toulonavelo.free.fr\/\">http:\/\/toulonavelo.free.fr\/<\/a><\/p>\n<p><span style=\"color: #ff6600;\"><strong>-Dimanche 02 juin<\/strong> <\/span>\u00e0 <strong>la Seyne sur mer<\/strong> animation toutes la journ\u00e9e et \u00e0 15h00 balade velo ici le programme complet:<\/p>\n<p><a href=\"http:\/\/csmseynois.fr\/app\/download\/5793826573\/PROGRAMME+CSMS+FETE+DU+VELO+2013.pdf\">http:\/\/csmseynois.fr\/app\/download\/5793826573\/PROGRAMME+CSMS+FETE+DU+VELO+2013.pdf<\/a><\/p>\n<p><a href=\"http:\/\/lamassecritique.fr\/wp\/wp-content\/uploads\/2013\/05\/affiche-f\u00eate-v\u00e9lo-2013-la-seyne.jpg\"><img loading=\"lazy\" decoding=\"async\" class=\"alignright size-full wp-image-5658\" alt=\"affiche f\u00eate v\u00e9lo 2013 la seyne\" src=\"http:\/\/lamassecritique.fr\/wp\/wp-content\/uploads\/2013\/05\/affiche-f\u00eate-v\u00e9lo-2013-la-seyne.jpg\" width=\"850\" height=\"1169\" \/><\/a><\/p>\n<p>&nbsp;<\/p>\n<p>\u00c9galement \u00e0 Carqueiranne, la Farlede&#8230;.<\/p>\n","protected":false},"excerpt":{"rendered":"<p>LES INFOS 2014 c&rsquo;est LA lLe samedi 01 juin et le dimanche 02 juin aura lieu la f\u00eate du v\u00e9lo dans le Var de nombreuses balades et animations\u00a0 sont pr\u00e9vues et le dress code tous en vert!! . . . Samedi 01 juin : -\u00e0 Hyeres balade v\u00e9lo sur le chemin des \u00e9coliers\u00a0 info :&hellip;<a href=\"https:\/\/lamassecritique.fr\/wp\/2013\/05\/fete-du-velo-2013\/\" class=\"more-link\">Continue reading <span class=\"screen-reader-text\">F\u00eate du v\u00e9lo 2013 : Le programme<\/span><\/a><\/p>\n","protected":false},"author":12,"featured_media":5637,"comment_status":"open","ping_status":"open","sticky":false,"template":"","format":"standard","meta":{"_EventAllDay":false,"_EventTimezone":"","_EventStartDate":"","_EventEndDate":"","_EventStartDateUTC":"","_EventEndDateUTC":"","_EventShowMap":false,"_EventShowMapLink":false,"_EventURL":"","_EventCost":"","_EventCostDescription":"","_EventCurrencySymbol":"","_EventCurrencyCode":"","_EventCurrencyPosition":"","_EventDateTimeSeparator":"","_EventTimeRangeSeparator":"","_EventOrganizerID":[],"_EventVenueID":[],"_OrganizerEmail":"","_OrganizerPhone":"","_OrganizerWebsite":"","_VenueAddress":"","_VenueCity":"","_VenueCountry":"","_VenueProvince":"","_VenueState":"","_VenueZip":"","_VenuePhone":"","_VenueURL":"","_VenueStateProvince":"","_VenueLat":"","_VenueLng":"","_VenueShowMap":false,"_VenueShowMapLink":false,"activitypub_content_warning":"","activitypub_content_visibility":"","activitypub_max_image_attachments":3,"activitypub_interaction_policy_quote":"anyone","activitypub_status":"","footnotes":""},"categories":[7],"tags":[],"class_list":["post-5556","post","type-post","status-publish","format-standard","has-post-thumbnail","hentry","category-comptes-rendus-des-sorties"],"_links":{"self":[{"href":"https:\/\/lamassecritique.fr\/wp\/wp-json\/wp\/v2\/posts\/5556","targetHints":{"allow":["GET"]}}],"collection":[{"href":"https:\/\/lamassecritique.fr\/wp\/wp-json\/wp\/v2\/posts"}],"about":[{"href":"https:\/\/lamassecritique.fr\/wp\/wp-json\/wp\/v2\/types\/post"}],"author":[{"embeddable":true,"href":"https:\/\/lamassecritique.fr\/wp\/wp-json\/wp\/v2\/users\/12"}],"replies":[{"embeddable":true,"href":"https:\/\/lamassecritique.fr\/wp\/wp-json\/wp\/v2\/comments?post=5556"}],"version-history":[{"count":20,"href":"https:\/\/lamassecritique.fr\/wp\/wp-json\/wp\/v2\/posts\/5556\/revisions"}],"predecessor-version":[{"id":6811,"href":"https:\/\/lamassecritique.fr\/wp\/wp-json\/wp\/v2\/posts\/5556\/revisions\/6811"}],"wp:featuredmedia":[{"embeddable":true,"href":"https:\/\/lamassecritique.fr\/wp\/wp-json\/wp\/v2\/media\/5637"}],"wp:attachment":[{"href":"https:\/\/lamassecritique.fr\/wp\/wp-json\/wp\/v2\/media?parent=5556"}],"wp:term":[{"taxonomy":"category","embeddable":true,"href":"https:\/\/lamassecritique.fr\/wp\/wp-json\/wp\/v2\/categories?post=5556"},{"taxonomy":"post_tag","embeddable":true,"href":"https:\/\/lamassecritique.fr\/wp\/wp-json\/wp\/v2\/tags?post=5556"}],"curies":[{"name":"wp","href":"https:\/\/api.w.org\/{rel}","templated":true}]}}